{"id":981,"date":"2016-01-22T23:14:04","date_gmt":"2016-01-22T21:14:04","guid":{"rendered":"http:\/\/www.anunnaki.si\/nibiru\/Anu\/?p=981"},"modified":"2016-01-22T23:54:00","modified_gmt":"2016-01-22T21:54:00","slug":"via-sancti-martini-pot-sv-martina","status":"publish","type":"post","link":"http:\/\/www.anunnaki.si\/nibiru\/Anu\/?p=981","title":{"rendered":"Via Sancti Martini &#8211; Pot sv. Martina"},"content":{"rendered":"<p><strong><img loading=\"lazy\" class=\"size-full wp-image-985 alignleft\" src=\"http:\/\/www.anunnaki.si\/nibiru\/Anu\/wp-content\/uploads\/2016\/01\/SvetiMartin.jpg\" alt=\"\" width=\"250\" height=\"333\" srcset=\"http:\/\/www.anunnaki.si\/nibiru\/Anu\/wp-content\/uploads\/2016\/01\/SvetiMartin.jpg 250w, http:\/\/www.anunnaki.si\/nibiru\/Anu\/wp-content\/uploads\/2016\/01\/SvetiMartin-225x300.jpg 225w\" sizes=\"(max-width: 250px) 100vw, 250px\" \/>Martin Tourski<\/strong>, galsko-frankovski narodni svetnik, je bil rojen nekje okoli l. 316 v mestu Savaria (danes Szombathely).<\/p>\n<p>Ko je njegov o\u010de, ki je kot oficir za zasluge v rimski legiji, dobil posestvo v italijanskem mestu Ticinum (danes Pavia), se je z dru\u017eino preselil tja.<\/p>\n<p>S 15. leti je tudi sam stopil med legionarje in tudi postal \u010dastnik.<\/p>\n<p>V Amiensu v Galiji (Franciji) se je njegovo \u017eivljenje precej spremenilo, ko je z me\u010dem prerezal svoj pla\u0161\u010d na dve polovici in eno dal bera\u010du, ki je trepetal v mrazu.<\/p>\n<p>Takrat se mu je pono\u010di v sanjah prikazal Kristus, ogrnjen s tem pla\u0161\u010dem in mu dal vedeti: vse, kar storite ubogim, storite meni.<\/p>\n<p>Po tem obisku je zapustil voja\u0161ko slu\u017ebo, se dal krstiti in za\u010del \u0161iriti vero.<!--more--><\/p>\n<p><img loading=\"lazy\" class=\"aligncenter size-full wp-image-986\" src=\"http:\/\/www.anunnaki.si\/nibiru\/Anu\/wp-content\/uploads\/2016\/01\/SvetiMartin2.jpg\" alt=\"\" width=\"675\" height=\"237\" srcset=\"http:\/\/www.anunnaki.si\/nibiru\/Anu\/wp-content\/uploads\/2016\/01\/SvetiMartin2.jpg 675w, http:\/\/www.anunnaki.si\/nibiru\/Anu\/wp-content\/uploads\/2016\/01\/SvetiMartin2-300x105.jpg 300w\" sizes=\"(max-width: 675px) 100vw, 675px\" \/><\/p>\n<p>Vrnil se je k star\u0161em, ki so se medtem vrnili v Savario, krstil svojo mater in se vrnil v Italijo. Tu se je odlo\u010dil za pu\u0161\u010davni\u0161tvo, nato \u0161iril vero, ter ustanavljal kr\u0161\u010danske skupnosti in samostane.<\/p>\n<p>Leta 371 so ga verniki in duhovniki v Toursu (Francija) izvolili za svojega novega \u0161kofa. Legenda pravi, da se je iz skromnosti pred skupnostjo, ki ga je povzdignila na ta polo\u017eaj, skril v gosinjak, vendar so ga gosi z gaganjem izdale. Od tukaj je tradicija Martinove gosi.<\/p>\n<p>Umrl je v starosti preko 80 let v Candesu l. 397. Njegovo truplo so prepeljali v Tours in ga 11. novembra (danes martinovo) pokopali. Ljudstvo ga je \u010dastilo kot svetnika in je eden prvih svetnikov-nemu\u010dencev, ki mu je cerkev priznala svetni\u0161ko \u010dast.<\/p>\n<p>Po svetu je veliko cerkva posve\u010denih sv. Martinu. V Sloveniji jih je okoli sto.<\/p>\n<p><img loading=\"lazy\" class=\"size-full wp-image-911 aligncenter\" src=\"http:\/\/www.anunnaki.si\/nibiru\/Anu\/wp-content\/uploads\/2015\/10\/Dan07_06.jpg\" alt=\"\" width=\"675\" height=\"448\" srcset=\"http:\/\/www.anunnaki.si\/nibiru\/Anu\/wp-content\/uploads\/2015\/10\/Dan07_06.jpg 675w, http:\/\/www.anunnaki.si\/nibiru\/Anu\/wp-content\/uploads\/2015\/10\/Dan07_06-300x199.jpg 300w\" sizes=\"(max-width: 675px) 100vw, 675px\" \/><\/p>\n<p>Leta 2005 je Svet Evrope, pot ki vodi od Szombathelya do Toursa, razglasil za Evropsko kulturno pot, da bi tako predstavili spominska mesta povezana z \u017eivljenjem in kultom enega najbolj priljubljenih svetnikov Evrope, svetega Martina.<\/p>\n<p>Pot sv. Martina se za\u010dne na Mad\u017earskem v Szombathelyu, Martinovem rojstnem kraju. Nadaljuje se v Sloveniji in obi\u0161\u010de kraje povezane s sv. Martinom, od Domanj\u0161evcev, Martjancev, preko Maribora, Zre\u010d, \u0160martna v Ro\u017eni dolini, \u0160martnega ob Paki, Ljubljane in Logatca do Italije. V Italiji vodi preko Pavie do vasice Candes-Saint-Martin v Franciji, kjer je sv. Martin umrl, ter preko Toursa, kjer je bil sv. Martin imenovan za \u0161kofa in kjer je v baziliki sv. Martina Tourskega tudi pokopan.<\/p>\n<p><img loading=\"lazy\" class=\"aligncenter size-full wp-image-991\" src=\"http:\/\/www.anunnaki.si\/nibiru\/Anu\/wp-content\/uploads\/2016\/01\/ViaSanctiMartiniMap.jpg\" alt=\"\" width=\"675\" height=\"353\" srcset=\"http:\/\/www.anunnaki.si\/nibiru\/Anu\/wp-content\/uploads\/2016\/01\/ViaSanctiMartiniMap.jpg 675w, http:\/\/www.anunnaki.si\/nibiru\/Anu\/wp-content\/uploads\/2016\/01\/ViaSanctiMartiniMap-300x157.jpg 300w\" sizes=\"(max-width: 675px) 100vw, 675px\" \/><br \/>\n<img loading=\"lazy\" class=\"alignleft size-full wp-image-996\" src=\"http:\/\/www.anunnaki.si\/nibiru\/Anu\/wp-content\/uploads\/2016\/01\/ViaSanctiMartini.jpg\" alt=\"\" width=\"200\" height=\"198\" srcset=\"http:\/\/www.anunnaki.si\/nibiru\/Anu\/wp-content\/uploads\/2016\/01\/ViaSanctiMartini.jpg 200w, http:\/\/www.anunnaki.si\/nibiru\/Anu\/wp-content\/uploads\/2016\/01\/ViaSanctiMartini-150x150.jpg 150w, http:\/\/www.anunnaki.si\/nibiru\/Anu\/wp-content\/uploads\/2016\/01\/ViaSanctiMartini-100x100.jpg 100w\" sizes=\"(max-width: 200px) 100vw, 200px\" \/>Pot je namenjena romarjem, pohodnikom, \u0161portnikom in tistim, ki imajo radi naravo in kulturno dedi\u0161\u010dino. Skupna razdalja med Sombotelom in Candes-Saint- -Martin preko Toursa je 2500 km, pot pa simbolno ozna\u010duje Martinova stopinja.<\/p>\n<p>Celotna pot bo uradno odprta letos.<\/p>\n<p>\u010ce \u017eelite \u0161e izvedeti kaj ve\u010d o poti \u2026 saj veste \u2026 odpravite se po njej &#8230;<\/p>\n<p>&#8230; ali pa mi lahko sledite po mad\u017earskem in slovenskem delu poti.<\/p>\n<p>Poskusil bom napisati kaj bodo moje o\u010di videle in tudi kaj so hotele videti.<\/p>\n<p>A pravo potovanje, edinstveno in skrivnostno, je tisto,<br \/>\nki vsakomur od nas razkrije, del na\u0161e notranjosti, ki ostaja skrit \u2026<\/p>\n<p>Potem pa je vse druga\u010de \u2026<\/p>\n<p><iframe loading=\"lazy\" src=\"https:\/\/www.google.com\/maps\/d\/embed?mid=z7NJpqIUvbvU.kL59_59hOZ4w\" width=\"675\" height=\"550\"><\/iframe><\/p>\n","protected":false},"excerpt":{"rendered":"<p>Martin Tourski, galsko-frankovski narodni svetnik, je bil rojen nekje okoli l. 316 v mestu Savaria (danes Szombathely). Ko je njegov o\u010de, ki je kot oficir za zasluge v rimski legiji, dobil posestvo v italijanskem mestu Ticinum (danes Pavia), se je z dru\u017eino preselil tja. S 15. leti je tudi sam stopil med legionarje in tudi [&hellip;]<\/p>\n","protected":false},"author":1,"featured_media":0,"comment_status":"open","ping_status":"open","sticky":false,"template":"","format":"standard","meta":[],"categories":[11,3],"tags":[],"_links":{"self":[{"href":"http:\/\/www.anunnaki.si\/nibiru\/Anu\/index.php?rest_route=\/wp\/v2\/posts\/981"}],"collection":[{"href":"http:\/\/www.anunnaki.si\/nibiru\/Anu\/index.php?rest_route=\/wp\/v2\/posts"}],"about":[{"href":"http:\/\/www.anunnaki.si\/nibiru\/Anu\/index.php?rest_route=\/wp\/v2\/types\/post"}],"author":[{"embeddable":true,"href":"http:\/\/www.anunnaki.si\/nibiru\/Anu\/index.php?rest_route=\/wp\/v2\/users\/1"}],"replies":[{"embeddable":true,"href":"http:\/\/www.anunnaki.si\/nibiru\/Anu\/index.php?rest_route=%2Fwp%2Fv2%2Fcomments&post=981"}],"version-history":[{"count":27,"href":"http:\/\/www.anunnaki.si\/nibiru\/Anu\/index.php?rest_route=\/wp\/v2\/posts\/981\/revisions"}],"predecessor-version":[{"id":1014,"href":"http:\/\/www.anunnaki.si\/nibiru\/Anu\/index.php?rest_route=\/wp\/v2\/posts\/981\/revisions\/1014"}],"wp:attachment":[{"href":"http:\/\/www.anunnaki.si\/nibiru\/Anu\/index.php?rest_route=%2Fwp%2Fv2%2Fmedia&parent=981"}],"wp:term":[{"taxonomy":"category","embeddable":true,"href":"http:\/\/www.anunnaki.si\/nibiru\/Anu\/index.php?rest_route=%2Fwp%2Fv2%2Fcategories&post=981"},{"taxonomy":"post_tag","embeddable":true,"href":"http:\/\/www.anunnaki.si\/nibiru\/Anu\/index.php?rest_route=%2Fwp%2Fv2%2Ftags&post=981"}],"curies":[{"name":"wp","href":"https:\/\/api.w.org\/{rel}","templated":true}]}}